
{"id":98764,"date":"2026-08-13T10:41:57","date_gmt":"2026-08-13T08:41:57","guid":{"rendered":"https:\/\/dev.surfbox.de\/?p=98764"},"modified":"2026-08-13T10:41:57","modified_gmt":"2026-08-13T08:41:57","slug":"slovmatickasina-sk-objavte-vasen-pre-slovensku-kulturu-a-umenie","status":"publish","type":"post","link":"https:\/\/dev.surfbox.de\/fr\/slovmatickasina-sk-objavte-vasen-pre-slovensku-kulturu-a-umenie\/","title":{"rendered":"Slovmatickasina SK Objavte v\u00e1\u0161e\u0148 pre slovensk\u00fa kult\u00faru a umenie"},"content":{"rendered":"<div style=\"text-align:center; margin:15px 0;\"><img src=\"https:\/\/www.ivi.int\/wp-content\/uploads\/2024\/02\/SK_bioscience_SKYTyphoid-1024x755.jpg\" style=\"max-width:100%; height:auto;\" \/><\/div>\n<h1>Slovmatickasina SK: Most medzi kult\u00farou a umen\u00edm<\/h1>\n<p>\n        Slovmatickasina SK je nielen platformou pre oslavu slovenskej kult\u00fary, ale predov\u0161etk\u00fdm priestorom, kde sa sna\u017e\u00edme o\u017eivi\u0165 a zachova\u0165 tradi\u010dn\u00e9 hodnoty. Na\u0161a organiz\u00e1cia sa zameriava na r\u00f4zne projekty, ktor\u00e9 sp\u00e1jaj\u00fa umenie, komunitu a vzdel\u00e1vanie. V na\u0161ich aktivit\u00e1ch sa sna\u017e\u00edme oslovi\u0165 \u0161irok\u00e9 spektrum \u013eud\u00ed a poskytn\u00fa\u0165 im jedine\u010dn\u00fd z\u00e1\u017eitok. Nav\u0161t\u00edvte n\u00e1s na <a href=\"https:\/\/slovmatickasina.com\/\">Slovmatickasina SK 2026<\/a> a objavte na\u0161u rozmanit\u00fa ponuku.\n    <\/p>\n<h2>Na\u0161a v\u00edzia a poslanie<\/h2>\n<p>\n        Poslan\u00edm Slovmatickasina SK je podporova\u0165 a \u0161\u00edri\u0165 na\u0161u kult\u00faru nielen doma, ale aj v zahrani\u010d\u00ed. Ver\u00edme, \u017ee umenie a kult\u00fara s\u00fa k\u013e\u00fa\u010dov\u00e9 pre budovanie s\u00fadr\u017enej spolo\u010dnosti. Na\u0161a v\u00edzia spo\u010d\u00edva v tom, aby sme zabezpe\u010dili, \u017ee jedine\u010dn\u00e9 aspekty na\u0161ich trad\u00edci\u00ed bud\u00fa existova\u0165 aj pre bud\u00face gener\u00e1cie.<\/p>\n<div style=\"text-align:center; margin:15px 0;\"><img src=\"https:\/\/lookaside.fbsbx.com\/lookaside\/crawler\/media\/?media_id=1243773231063999\" style=\"max-width:100%; height:auto;\" \/><\/div>\n<h2>Aktivity a projekty<\/h2>\n<p>\n        V r\u00e1mci Slovmatickasina SK organizujeme r\u00f4zne podujatia, ktor\u00e9 maj\u00fa za cie\u013e obohati\u0165 kult\u00farny \u017eivot na\u0161ich \u010dlenov a komunity. Sna\u017e\u00edme sa o podporu miestnych umelcov a skup\u00edn cez workshopy, v\u00fdstavy a prezent\u00e1cie. Medzi na\u0161e najob\u013e\u00fabenej\u0161ie aktivity patr\u00ed:\n    <\/p>\n<ul>\n<li><strong>Kult\u00farne festivaly:<\/strong> Tieto udalosti pon\u00fakaj\u00fa priestor na prezent\u00e1ciu hudby, tanca a r\u00f4znych umen\u00ed. Pravidelne host\u00edme miestne talenty, ako aj medzin\u00e1rodn\u00fdch umelcov.<\/li>\n<li><strong>V\u00fdtvarn\u00e9 workshopy:<\/strong> Na\u0161i \u00fa\u010dastn\u00edci maj\u00fa mo\u017enos\u0165 vysk\u00fa\u0161a\u0165 si r\u00f4zne techniky, od ma\u013eovania a\u017e po keramiku, pod veden\u00edm sk\u00fasen\u00fdch umelcov.<\/li>\n<li><strong>Vzdel\u00e1vacie programy:<\/strong> Organizujeme predn\u00e1\u0161ky a semin\u00e1re, ktor\u00e9 s\u00fa zameran\u00e9 na slovensk\u00fa hist\u00f3riu, kult\u00faru a jazyk.<\/li>\n<\/ul>\n<h2>Podpora lok\u00e1lnych umelcov<\/h2>\n<p>\n        Jedn\u00fdm z na\u0161ich hlavn\u00fdch cie\u013eov je poskytova\u0165 priestor pre lok\u00e1lnych umelcov a umo\u017eni\u0165 im z\u00edska\u0165 vidite\u013enos\u0165. Na Slovmatickasina SK ver\u00edme, \u017ee ka\u017ed\u00fd umelec m\u00e1 svoj jedine\u010dn\u00fd hlas, ktor\u00fd si zasl\u00fa\u017ei by\u0165 vypo\u010dut\u00fd. Organizujeme v\u00fdstavy, kde m\u00f4\u017eu prezentova\u0165 svoje dielo, a tak isto pon\u00fakame aj mo\u017enosti spolupr\u00e1ce na r\u00f4znych projektoch.\n    <\/p>\n<h2>Spolupr\u00e1ca s komunitou<\/h2>\n<p>\n        Slovmatickasina SK nezab\u00fada ani na d\u00f4le\u017eitos\u0165 spolupr\u00e1ce s in\u00fdmi organiz\u00e1ciami a komunitami. Usilujeme sa o vytv\u00e1ranie partnerstiev, ktor\u00e9 bud\u00fa prispieva\u0165 k rozvoju kult\u00farnych iniciat\u00edv. Spolo\u010dne s na\u0161imi partnermi organizujeme r\u00f4zne projekty, ktor\u00e9 sa zameriavaj\u00fa na etnick\u00fa rozmanitos\u0165 a interculturalizmus.\n    <\/p>\n<h2>Bud\u00facnos\u0165 Slovmatickasina SK<\/h2>\n<p>\n        S pln\u00fdm nasaden\u00edm sa d\u00edvame do bud\u00facnosti a pl\u00e1nujeme mnoho nov\u00fdch projektov a iniciat\u00edv. Na\u0161e amb\u00edcie sa zameriavaj\u00fa na zvy\u0161ovanie vidite\u013enosti na\u0161ich podujat\u00ed, ako aj na roz\u0161\u00edrenie na\u0161ich vzdel\u00e1vac\u00edch programov. Chceme dosiahnu\u0165, aby sa ka\u017ed\u00e1 gener\u00e1cia Slov\u00e1kov mohla obozn\u00e1mi\u0165 s bohatstvom na\u0161ej kult\u00fary a trad\u00edci\u00ed.\n    <\/p>\n<h2>Zapojte sa do na\u0161ich aktiv\u00edt<\/h2>\n<p>\n        Ak m\u00e1te z\u00e1ujem o na\u0161u pr\u00e1cu alebo by ste sa radi zapojili do na\u0161ich aktiv\u00edt, nev\u00e1hajte n\u00e1s kontaktova\u0165! \u010ci u\u017e ste umelec, kult\u00farny nad\u0161enec alebo len niekto, kto chce podpori\u0165 na\u0161u misiu, radi v\u00e1s priv\u00edtame medzi nami. Spolo\u010dne m\u00f4\u017eeme vytv\u00e1ra\u0165 v\u00fdznamn\u00e9 a nezabudnute\u013en\u00e9 z\u00e1\u017eitky, ktor\u00e9 sformuj\u00fa na\u0161u kult\u00farnu krajinu.\n    <\/p>\n<h2>Z\u00e1ver<\/h2>\n<p>\n        Slovmatickasina SK je miestom, kde sa kult\u00fara a umenie stret\u00e1vaj\u00fa a vytv\u00e1raj\u00fa pr\u00edle\u017eitosti pre rozvoj a rast. Na\u0161\u00edm ci<\/p>\n<div style=\"text-align:center; margin:15px 0;\"><img src=\"https:\/\/media.gettyimages.com\/id\/2118347394\/photo\/amalie-eikeland-of-sk-brann-kvinnerduring-the-uefa-womens-champions-league-match-quarter.jpg?s=612x612&#038;w=gi&#038;k=20&#038;c=s3dIsQfUPrLK9zUzyWRfUE1PyrF4wuTLkhBYbZuA_0k=\" style=\"max-width:100%; height:auto;\" \/><\/div>\n<p>e\u013eom je zachova\u0165 a \u0161\u00edri\u0165 slovensk\u00fa kult\u00faru a trad\u00edcie, pri\u010dom v\u00edtame ka\u017ed\u00e9ho, kto chce s nami zdie\u013ea\u0165 t\u00fato v\u00e1\u0161e\u0148. Pripojte sa k n\u00e1m na ceste za obnovou a oslavou slovenskej kult\u00fary.\n    <\/p>\n<div style=\"text-align:center; margin:20px 0;\"><iframe loading=\"lazy\" width=\"560\" height=\"315\" src=\"https:\/\/www.youtube.com\/embed\/c4KQ2W6V1YE\" frameborder=\"0\" allowfullscreen><\/iframe><\/div>\n","protected":false},"excerpt":{"rendered":"<p>Slovmatickasina SK: Most medzi kult\u00farou a umen\u00edm Slovmatickasina SK je nielen platformou pre oslavu slovenskej kult\u00fary, ale predov\u0161etk\u00fdm priestorom, kde sa sna\u017e\u00edme o\u017eivi\u0165 a zachova\u0165 tradi\u010dn\u00e9 hodnoty. Na\u0161a organiz\u00e1cia sa zameriava na r\u00f4zne projekty, ktor\u00e9 sp\u00e1jaj\u00fa umenie, komunitu a vzdel\u00e1vanie. V na\u0161ich aktivit\u00e1ch sa sna\u017e\u00edme oslovi\u0165 \u0161irok\u00e9 spektrum \u013eud\u00ed a poskytn\u00fa\u0165 im jedine\u010dn\u00fd z\u00e1\u017eitok. Nav\u0161t\u00edvte&hellip;<\/p>\n","protected":false},"author":214,"featured_media":0,"comment_status":"closed","ping_status":"","sticky":false,"template":"","format":"standard","meta":[],"categories":[153],"tags":[],"yoast_head":"<!-- This site is optimized with the Yoast SEO plugin v17.9 - https:\/\/yoast.com\/wordpress\/plugins\/seo\/ -->\n<title>Slovmatickasina SK Objavte v\u00e1\u0161e\u0148 pre slovensk\u00fa kult\u00faru a umenie - Coffre de toit prime en GRP par Mobila<\/title>\n<meta name=\"description\" content=\"Slovmatickasina SK: Most medzi kult\u00farou a umen\u00edm Slovmatickasina SK je nielen platformou pre oslavu slovenskej kult\u00fary, ale predov\u0161etk\u00fdm priestorom, kde\" \/>\n<meta name=\"robots\" content=\"noindex, follow, max-snippet:-1, max-image-preview:large, max-video-preview:-1\" \/>\n<meta property=\"og:locale\" content=\"fr_FR\" \/>\n<meta property=\"og:type\" content=\"article\" \/>\n<meta property=\"og:title\" content=\"Slovmatickasina SK Objavte v\u00e1\u0161e\u0148 pre slovensk\u00fa kult\u00faru a umenie - Coffre de toit prime en GRP par Mobila\" \/>\n<meta property=\"og:description\" content=\"Slovmatickasina SK: Most medzi kult\u00farou a umen\u00edm Slovmatickasina SK je nielen platformou pre oslavu slovenskej kult\u00fary, ale predov\u0161etk\u00fdm priestorom, kde\" \/>\n<meta property=\"og:url\" content=\"https:\/\/dev.surfbox.de\/slovmatickasina-sk-objavte-vasen-pre-slovensku-kulturu-a-umenie\/\" \/>\n<meta property=\"og:site_name\" content=\"Coffre de toit prime en GRP par Mobila\" \/>\n<meta property=\"article:published_time\" content=\"2026-08-13T08:41:57+00:00\" \/>\n<meta property=\"og:image\" content=\"https:\/\/www.ivi.int\/wp-content\/uploads\/2024\/02\/SK_bioscience_SKYTyphoid-1024x755.jpg\" \/>\n<meta name=\"twitter:label1\" content=\"\u00c9crit par\" \/>\n\t<meta name=\"twitter:data1\" content=\"support\" \/>\n\t<meta name=\"twitter:label2\" content=\"Dur\u00e9e de lecture estim\u00e9e\" \/>\n\t<meta name=\"twitter:data2\" content=\"3 minutes\" \/>\n<script type=\"application\/ld+json\" class=\"yoast-schema-graph\">{\"@context\":\"https:\/\/schema.org\",\"@graph\":[{\"@type\":\"WebSite\",\"@id\":\"https:\/\/dev.surfbox.de\/#website\",\"url\":\"https:\/\/dev.surfbox.de\/\",\"name\":\"Coffre de toit prime en GRP par Mobila\",\"description\":\"Mobila GmbH produces premium roof boxes skiboxes &amp; Surf boxes\",\"potentialAction\":[{\"@type\":\"SearchAction\",\"target\":{\"@type\":\"EntryPoint\",\"urlTemplate\":\"https:\/\/dev.surfbox.de\/?s={search_term_string}\"},\"query-input\":\"required name=search_term_string\"}],\"inLanguage\":\"fr-FR\"},{\"@type\":\"ImageObject\",\"@id\":\"https:\/\/dev.surfbox.de\/slovmatickasina-sk-objavte-vasen-pre-slovensku-kulturu-a-umenie\/#primaryimage\",\"inLanguage\":\"fr-FR\",\"url\":\"https:\/\/www.ivi.int\/wp-content\/uploads\/2024\/02\/SK_bioscience_SKYTyphoid-1024x755.jpg\",\"contentUrl\":\"https:\/\/www.ivi.int\/wp-content\/uploads\/2024\/02\/SK_bioscience_SKYTyphoid-1024x755.jpg\"},{\"@type\":\"WebPage\",\"@id\":\"https:\/\/dev.surfbox.de\/slovmatickasina-sk-objavte-vasen-pre-slovensku-kulturu-a-umenie\/#webpage\",\"url\":\"https:\/\/dev.surfbox.de\/slovmatickasina-sk-objavte-vasen-pre-slovensku-kulturu-a-umenie\/\",\"name\":\"Slovmatickasina SK Objavte v\\u00e1\\u0161e\\u0148 pre slovensk\\u00fa kult\\u00faru a umenie - Coffre de toit prime en GRP par Mobila\",\"isPartOf\":{\"@id\":\"https:\/\/dev.surfbox.de\/#website\"},\"primaryImageOfPage\":{\"@id\":\"https:\/\/dev.surfbox.de\/slovmatickasina-sk-objavte-vasen-pre-slovensku-kulturu-a-umenie\/#primaryimage\"},\"datePublished\":\"2026-08-13T08:41:57+00:00\",\"dateModified\":\"2026-08-13T08:41:57+00:00\",\"author\":{\"@id\":\"https:\/\/dev.surfbox.de\/#\/schema\/person\/d2069f1478da8b3b8c1edcb3d7d031b7\"},\"description\":\"Slovmatickasina SK: Most medzi kult\\u00farou a umen\\u00edm Slovmatickasina SK je nielen platformou pre oslavu slovenskej kult\\u00fary, ale predov\\u0161etk\\u00fdm priestorom, kde\",\"breadcrumb\":{\"@id\":\"https:\/\/dev.surfbox.de\/slovmatickasina-sk-objavte-vasen-pre-slovensku-kulturu-a-umenie\/#breadcrumb\"},\"inLanguage\":\"fr-FR\",\"potentialAction\":[{\"@type\":\"ReadAction\",\"target\":[\"https:\/\/dev.surfbox.de\/slovmatickasina-sk-objavte-vasen-pre-slovensku-kulturu-a-umenie\/\"]}]},{\"@type\":\"BreadcrumbList\",\"@id\":\"https:\/\/dev.surfbox.de\/slovmatickasina-sk-objavte-vasen-pre-slovensku-kulturu-a-umenie\/#breadcrumb\",\"itemListElement\":[{\"@type\":\"ListItem\",\"position\":1,\"name\":\"Home\",\"item\":\"https:\/\/dev.surfbox.de\/fr\/\"},{\"@type\":\"ListItem\",\"position\":2,\"name\":\"Slovmatickasina SK Objavte v\\u00e1\\u0161e\\u0148 pre slovensk\\u00fa kult\\u00faru a umenie\"}]},{\"@type\":\"Person\",\"@id\":\"https:\/\/dev.surfbox.de\/#\/schema\/person\/d2069f1478da8b3b8c1edcb3d7d031b7\",\"name\":\"support\",\"image\":{\"@type\":\"ImageObject\",\"@id\":\"https:\/\/dev.surfbox.de\/#personlogo\",\"inLanguage\":\"fr-FR\",\"url\":\"https:\/\/secure.gravatar.com\/avatar\/0918a90067b2bc2cf7083f70de687098?s=96&d=mm&r=g\",\"contentUrl\":\"https:\/\/secure.gravatar.com\/avatar\/0918a90067b2bc2cf7083f70de687098?s=96&d=mm&r=g\",\"caption\":\"support\"},\"url\":\"https:\/\/dev.surfbox.de\/fr\/author\/support\/\"}]}<\/script>\n<!-- \/ Yoast SEO plugin. -->","yoast_head_json":{"title":"Slovmatickasina SK Objavte v\u00e1\u0161e\u0148 pre slovensk\u00fa kult\u00faru a umenie - Coffre de toit prime en GRP par Mobila","description":"Slovmatickasina SK: Most medzi kult\u00farou a umen\u00edm Slovmatickasina SK je nielen platformou pre oslavu slovenskej kult\u00fary, ale predov\u0161etk\u00fdm priestorom, kde","robots":{"index":"noindex","follow":"follow","max-snippet":"max-snippet:-1","max-image-preview":"max-image-preview:large","max-video-preview":"max-video-preview:-1"},"og_locale":"fr_FR","og_type":"article","og_title":"Slovmatickasina SK Objavte v\u00e1\u0161e\u0148 pre slovensk\u00fa kult\u00faru a umenie - Coffre de toit prime en GRP par Mobila","og_description":"Slovmatickasina SK: Most medzi kult\u00farou a umen\u00edm Slovmatickasina SK je nielen platformou pre oslavu slovenskej kult\u00fary, ale predov\u0161etk\u00fdm priestorom, kde","og_url":"https:\/\/dev.surfbox.de\/slovmatickasina-sk-objavte-vasen-pre-slovensku-kulturu-a-umenie\/","og_site_name":"Coffre de toit prime en GRP par Mobila","article_published_time":"2026-08-13T08:41:57+00:00","og_image":[{"url":"https:\/\/www.ivi.int\/wp-content\/uploads\/2024\/02\/SK_bioscience_SKYTyphoid-1024x755.jpg"}],"twitter_misc":{"\u00c9crit par":"support","Dur\u00e9e de lecture estim\u00e9e":"3 minutes"},"schema":{"@context":"https:\/\/schema.org","@graph":[{"@type":"WebSite","@id":"https:\/\/dev.surfbox.de\/#website","url":"https:\/\/dev.surfbox.de\/","name":"Coffre de toit prime en GRP par Mobila","description":"Mobila GmbH produces premium roof boxes skiboxes &amp; Surf boxes","potentialAction":[{"@type":"SearchAction","target":{"@type":"EntryPoint","urlTemplate":"https:\/\/dev.surfbox.de\/?s={search_term_string}"},"query-input":"required name=search_term_string"}],"inLanguage":"fr-FR"},{"@type":"ImageObject","@id":"https:\/\/dev.surfbox.de\/slovmatickasina-sk-objavte-vasen-pre-slovensku-kulturu-a-umenie\/#primaryimage","inLanguage":"fr-FR","url":"https:\/\/www.ivi.int\/wp-content\/uploads\/2024\/02\/SK_bioscience_SKYTyphoid-1024x755.jpg","contentUrl":"https:\/\/www.ivi.int\/wp-content\/uploads\/2024\/02\/SK_bioscience_SKYTyphoid-1024x755.jpg"},{"@type":"WebPage","@id":"https:\/\/dev.surfbox.de\/slovmatickasina-sk-objavte-vasen-pre-slovensku-kulturu-a-umenie\/#webpage","url":"https:\/\/dev.surfbox.de\/slovmatickasina-sk-objavte-vasen-pre-slovensku-kulturu-a-umenie\/","name":"Slovmatickasina SK Objavte v\u00e1\u0161e\u0148 pre slovensk\u00fa kult\u00faru a umenie - Coffre de toit prime en GRP par Mobila","isPartOf":{"@id":"https:\/\/dev.surfbox.de\/#website"},"primaryImageOfPage":{"@id":"https:\/\/dev.surfbox.de\/slovmatickasina-sk-objavte-vasen-pre-slovensku-kulturu-a-umenie\/#primaryimage"},"datePublished":"2026-08-13T08:41:57+00:00","dateModified":"2026-08-13T08:41:57+00:00","author":{"@id":"https:\/\/dev.surfbox.de\/#\/schema\/person\/d2069f1478da8b3b8c1edcb3d7d031b7"},"description":"Slovmatickasina SK: Most medzi kult\u00farou a umen\u00edm Slovmatickasina SK je nielen platformou pre oslavu slovenskej kult\u00fary, ale predov\u0161etk\u00fdm priestorom, kde","breadcrumb":{"@id":"https:\/\/dev.surfbox.de\/slovmatickasina-sk-objavte-vasen-pre-slovensku-kulturu-a-umenie\/#breadcrumb"},"inLanguage":"fr-FR","potentialAction":[{"@type":"ReadAction","target":["https:\/\/dev.surfbox.de\/slovmatickasina-sk-objavte-vasen-pre-slovensku-kulturu-a-umenie\/"]}]},{"@type":"BreadcrumbList","@id":"https:\/\/dev.surfbox.de\/slovmatickasina-sk-objavte-vasen-pre-slovensku-kulturu-a-umenie\/#breadcrumb","itemListElement":[{"@type":"ListItem","position":1,"name":"Home","item":"https:\/\/dev.surfbox.de\/fr\/"},{"@type":"ListItem","position":2,"name":"Slovmatickasina SK Objavte v\u00e1\u0161e\u0148 pre slovensk\u00fa kult\u00faru a umenie"}]},{"@type":"Person","@id":"https:\/\/dev.surfbox.de\/#\/schema\/person\/d2069f1478da8b3b8c1edcb3d7d031b7","name":"support","image":{"@type":"ImageObject","@id":"https:\/\/dev.surfbox.de\/#personlogo","inLanguage":"fr-FR","url":"https:\/\/secure.gravatar.com\/avatar\/0918a90067b2bc2cf7083f70de687098?s=96&d=mm&r=g","contentUrl":"https:\/\/secure.gravatar.com\/avatar\/0918a90067b2bc2cf7083f70de687098?s=96&d=mm&r=g","caption":"support"},"url":"https:\/\/dev.surfbox.de\/fr\/author\/support\/"}]}},"_links":{"self":[{"href":"https:\/\/dev.surfbox.de\/fr\/wp-json\/wp\/v2\/posts\/98764"}],"collection":[{"href":"https:\/\/dev.surfbox.de\/fr\/wp-json\/wp\/v2\/posts"}],"about":[{"href":"https:\/\/dev.surfbox.de\/fr\/wp-json\/wp\/v2\/types\/post"}],"author":[{"embeddable":true,"href":"https:\/\/dev.surfbox.de\/fr\/wp-json\/wp\/v2\/users\/214"}],"replies":[{"embeddable":true,"href":"https:\/\/dev.surfbox.de\/fr\/wp-json\/wp\/v2\/comments?post=98764"}],"version-history":[{"count":1,"href":"https:\/\/dev.surfbox.de\/fr\/wp-json\/wp\/v2\/posts\/98764\/revisions"}],"predecessor-version":[{"id":98765,"href":"https:\/\/dev.surfbox.de\/fr\/wp-json\/wp\/v2\/posts\/98764\/revisions\/98765"}],"wp:attachment":[{"href":"https:\/\/dev.surfbox.de\/fr\/wp-json\/wp\/v2\/media?parent=98764"}],"wp:term":[{"taxonomy":"category","embeddable":true,"href":"https:\/\/dev.surfbox.de\/fr\/wp-json\/wp\/v2\/categories?post=98764"},{"taxonomy":"post_tag","embeddable":true,"href":"https:\/\/dev.surfbox.de\/fr\/wp-json\/wp\/v2\/tags?post=98764"}],"curies":[{"name":"wp","href":"https:\/\/api.w.org\/{rel}","templated":true}]}}